{"id":8169,"date":"2026-08-31T10:28:39","date_gmt":"2026-08-31T10:28:39","guid":{"rendered":"https:\/\/www.zsdl.pl\/?p=8169"},"modified":"2026-08-31T10:28:40","modified_gmt":"2026-08-31T10:28:40","slug":"rozpoczecie-roku-szkolnego-2","status":"publish","type":"post","link":"https:\/\/www.zsdl.pl\/?p=8169","title":{"rendered":"Rozpocz\u0119cie roku szkolnego"},"content":{"rendered":"\n<p class=\"wp-block-paragraph\">Uroczyste rozpocz\u0119cie roku szkolnego 2026\/2027 odb\u0119dzie si\u0119 1 wrze\u015bnia o godzinie 9.00 w hali gimnastycznej. Po oficjalnym rozpocz\u0119ciu zapraszamy na spotkania z wychowawcami w klasach.<\/p>\n\n\n\n<p class=\"has-vivid-red-color has-text-color has-link-color wp-elements-1 wp-block-paragraph\">Poni\u017cej przedstawiamy rozk\u0142ad jazdy autobusu. Nast\u0105pi\u0142y zmiany<\/p>\n\n\n\n<figure class=\"wp-block-image size-large\"><img fetchpriority=\"high\" decoding=\"async\" width=\"768\" height=\"1024\" src=\"https:\/\/www.zsdl.pl\/wp-content\/uploads\/2026\/08\/rozk-jazd-768x1024-1.jpg\" alt=\"\" class=\"wp-image-8170\" srcset=\"https:\/\/www.zsdl.pl\/wp-content\/uploads\/2026\/08\/rozk-jazd-768x1024-1.jpg 768w, https:\/\/www.zsdl.pl\/wp-content\/uploads\/2026\/08\/rozk-jazd-225x300.jpg 225w, https:\/\/www.zsdl.pl\/wp-content\/uploads\/2026\/08\/rozk-jazd-1152x1536.jpg 1152w, https:\/\/www.zsdl.pl\/wp-content\/uploads\/2026\/08\/rozk-jazd.jpg 1536w\" sizes=\"(max-width: 768px) 100vw, 768px\" \/><\/figure>\n","protected":false},"excerpt":{"rendered":"<p>Uroczyste rozpocz\u0119cie roku szkolnego 2026\/2027 odb\u0119dzie si\u0119 1 wrze\u015bnia o godzinie 9.00 w hali gimnastycznej. Po oficjalnym rozpocz\u0119ciu zapraszamy na spotkania z wychowawcami w klasach. Poni\u017cej przedstawiamy rozk\u0142ad jazdy autobusu. Nast\u0105pi\u0142y zmiany<\/p>\n","protected":false},"author":1,"featured_media":0,"comment_status":"closed","ping_status":"closed","sticky":false,"template":"","format":"standard","meta":{"footnotes":""},"categories":[33,2],"tags":[],"class_list":["post-8169","post","type-post","status-publish","format-standard","hentry","category-2026-2027","category-aktualnosci"],"_links":{"self":[{"href":"https:\/\/www.zsdl.pl\/index.php?rest_route=\/wp\/v2\/posts\/8169","targetHints":{"allow":["GET"]}}],"collection":[{"href":"https:\/\/www.zsdl.pl\/index.php?rest_route=\/wp\/v2\/posts"}],"about":[{"href":"https:\/\/www.zsdl.pl\/index.php?rest_route=\/wp\/v2\/types\/post"}],"author":[{"embeddable":true,"href":"https:\/\/www.zsdl.pl\/index.php?rest_route=\/wp\/v2\/users\/1"}],"replies":[{"embeddable":true,"href":"https:\/\/www.zsdl.pl\/index.php?rest_route=%2Fwp%2Fv2%2Fcomments&post=8169"}],"version-history":[{"count":1,"href":"https:\/\/www.zsdl.pl\/index.php?rest_route=\/wp\/v2\/posts\/8169\/revisions"}],"predecessor-version":[{"id":8171,"href":"https:\/\/www.zsdl.pl\/index.php?rest_route=\/wp\/v2\/posts\/8169\/revisions\/8171"}],"wp:attachment":[{"href":"https:\/\/www.zsdl.pl\/index.php?rest_route=%2Fwp%2Fv2%2Fmedia&parent=8169"}],"wp:term":[{"taxonomy":"category","embeddable":true,"href":"https:\/\/www.zsdl.pl\/index.php?rest_route=%2Fwp%2Fv2%2Fcategories&post=8169"},{"taxonomy":"post_tag","embeddable":true,"href":"https:\/\/www.zsdl.pl\/index.php?rest_route=%2Fwp%2Fv2%2Ftags&post=8169"}],"curies":[{"name":"wp","href":"https:\/\/api.w.org\/{rel}","templated":true}]}}